{"id":302,"date":"2019-02-01T14:25:00","date_gmt":"2019-02-01T13:25:00","guid":{"rendered":"http:\/\/aspienaut.de\/?p=302"},"modified":"2019-03-12T20:27:30","modified_gmt":"2019-03-12T19:27:30","slug":"unerwuenscht-und-unsichtbar","status":"publish","type":"post","link":"https:\/\/aspienaut.de\/?p=302","title":{"rendered":"Unerw\u00fcnscht und unsichtbar."},"content":{"rendered":"\n<p> So, das erste Semester ist vorbei, ich hab es nicht einmal geschafft, mit meinen Kommilitonen zu sprechen. Es klappt einfach nicht! Nun kam ich jedoch auf die glorreiche Idee, die Leute bei Instagram und co. ausfindig zu machen, um zaghaften Kontakt aufzubauen. <\/p>\n\n\n\n<p>Gesagt, getan. Habe einige gefunden und ein paar Bilder kommentiert, in der Hoffnung, auf diesem Wege das Eis brechen zu k\u00f6nnen. Tjoa. Ging wohl nach hinten los.. von einigen wurde ich direkt geblockt, andere reagierten erst gar nicht. <\/p>\n\n\n\n<p>Klar, es wirkt sicher creepy, wenn jemand, der w\u00e4hrend des gesamten Semesters augenscheinlich komplett den Kontakt meidet und st\u00e4ndig allein in der letzten Reihe sitzt, pl\u00f6tzlich im Netz auftaucht und Kommunikation sucht. Aber es ist nunmal meine einzige M\u00f6glichkeit, um \u00fcberhaupt mit anderen Menschen in Kontakt zu treten. Ich w\u00fcnschte, es w\u00e4re anders, aber es ist nunmal wie es ist.. Sobald das Eis jedoch erstmal gebrochen ist, kann ich sogar eigentlich ganz normal sein und auch sozial interagieren.. Nur muss man mir die Chance dazu geben.. Aber dazu kommt es trotz meiner Bem\u00fchungen leider nicht.<\/p>\n\n\n\n<p>Generell kam es mir schon seit l\u00e4ngerer Zeit vor, dass ich f\u00fcr meine Kommilitonen &#8220;Luft&#8221; bin. W\u00e4hrend der Rest komplett vernetzt ist, bin ich der einzige, an dem organisatorische Neuigkeiten st\u00e4ndig vor\u00fcbergehen. <\/p>\n\n\n\n<p>Die Studiengangleitung riet mir schon eindringlich, dass ich unbedingt sozialen Anschluss finden MUSS, um nicht unterzugehen.. Die Studiengangleitung ist jedoch auch die Gleichstellungsbeauftragte &#8211; hat aber von Autismus NULL Ahnung, geschweige denn Erfahrung, wie ein Autist tickt.<\/p>\n\n\n\n<p>Das erste Semester habe ich als Einzelk\u00e4mpfer nun letztendlich  inhaltlich doch ganz gut gemeistert und ich bin mir sicher, dass ich meinen Weg auch weiterhin gehen kann. Jedoch merke ich langsam, dass ich &#8211; trotz jeglicher sozialer Inkompetenz &#8211; mich mittlerweile irgendwie nach Kontakt zu anderen Leuten &#8211; insb. Kommilitonen &#8211; sehne. <\/p>\n\n\n\n<p>Ich bin immer noch komplett allein in dieser Stadt und mir f\u00e4llt einfach die Decke auf den Kopf. Bislang habe ich jegliche Dinge allein gemacht, aber das kann nicht so weitergehen.<br><\/p>\n","protected":false},"excerpt":{"rendered":"<p>So, das erste Semester ist vorbei, ich hab es nicht einmal geschafft, mit meinen Kommilitonen zu sprechen. Es klappt einfach nicht! Nun kam ich jedoch auf die glorreiche Idee, die Leute bei Instagram und co. ausfindig zu machen, um zaghaften Kontakt aufzubauen. Gesagt, getan. Habe einige gefunden und ein paar Bilder kommentiert, in der Hoffnung, [&hellip;]<\/p>\n","protected":false},"author":1,"featured_media":0,"comment_status":"open","ping_status":"open","sticky":false,"template":"","format":"standard","meta":{"jetpack_post_was_ever_published":false,"_jetpack_newsletter_access":"","_jetpack_newsletter_tier_id":0,"footnotes":"","jetpack_publicize_message":"","jetpack_is_tweetstorm":false,"jetpack_publicize_feature_enabled":true,"jetpack_social_post_already_shared":true,"jetpack_social_options":{"image_generator_settings":{"template":"highway","enabled":false}}},"categories":[19,15],"tags":[],"jetpack_publicize_connections":[],"jetpack_featured_media_url":"","jetpack_sharing_enabled":true,"jetpack_shortlink":"https:\/\/wp.me\/p9gfVL-4S","_links":{"self":[{"href":"https:\/\/aspienaut.de\/index.php?rest_route=\/wp\/v2\/posts\/302"}],"collection":[{"href":"https:\/\/aspienaut.de\/index.php?rest_route=\/wp\/v2\/posts"}],"about":[{"href":"https:\/\/aspienaut.de\/index.php?rest_route=\/wp\/v2\/types\/post"}],"author":[{"embeddable":true,"href":"https:\/\/aspienaut.de\/index.php?rest_route=\/wp\/v2\/users\/1"}],"replies":[{"embeddable":true,"href":"https:\/\/aspienaut.de\/index.php?rest_route=%2Fwp%2Fv2%2Fcomments&post=302"}],"version-history":[{"count":2,"href":"https:\/\/aspienaut.de\/index.php?rest_route=\/wp\/v2\/posts\/302\/revisions"}],"predecessor-version":[{"id":314,"href":"https:\/\/aspienaut.de\/index.php?rest_route=\/wp\/v2\/posts\/302\/revisions\/314"}],"wp:attachment":[{"href":"https:\/\/aspienaut.de\/index.php?rest_route=%2Fwp%2Fv2%2Fmedia&parent=302"}],"wp:term":[{"taxonomy":"category","embeddable":true,"href":"https:\/\/aspienaut.de\/index.php?rest_route=%2Fwp%2Fv2%2Fcategories&post=302"},{"taxonomy":"post_tag","embeddable":true,"href":"https:\/\/aspienaut.de\/index.php?rest_route=%2Fwp%2Fv2%2Ftags&post=302"}],"curies":[{"name":"wp","href":"https:\/\/api.w.org\/{rel}","templated":true}]}}