{"id":556,"date":"2023-07-24T17:47:33","date_gmt":"2023-07-24T15:47:33","guid":{"rendered":"http:\/\/aspienaut.de\/?p=556"},"modified":"2023-07-24T22:22:26","modified_gmt":"2023-07-24T20:22:26","slug":"ins-wespennest-gestochen-und-als-kulturbanause-deklariert","status":"publish","type":"post","link":"https:\/\/aspienaut.de\/?p=556","title":{"rendered":"Ins Wespennest gestochen und als Kulturbanause deklariert"},"content":{"rendered":"\n<p>Aus den Medien kennt man mittlerweile viele solcher Videos, in denen Menschen ruhig im Restaurant sitzen, ihr Essen genie\u00dfen und pl\u00f6tzlich lauthals schallernder Operngesang ert\u00f6nt. Direkt am Nebentisch.<\/p>\n\n\n\n<p>Einen solchen Beitrag fand ich nun auf der Facebookseite einer WDR-Nachrichtensendung und kommentierte ihn mit den Worten:<\/p>\n\n\n\n<blockquote class=\"wp-block-quote\"><p>Richtig nervig.. Der Typ ist momentan mit diesen Aktionen in s\u00e4mtlichen Medien pr\u00e4sent. W\u00e4re f\u00fcr mich ein Grund, das Restaurant sofort zu verlassen, wenn da pl\u00f6tzlich jemand wie ein br\u00fcnstiger Hirsch herumgr\u00f6hlt. Absolute Reiz\u00fcberflutung auf s\u00e4mtlichen&nbsp;Ebenen! <\/p><\/blockquote>\n\n\n\n<p>Ja, ich gestehe. Die Worte sind schon etwas schroff, jedoch nutzte ich genau die Worte, die den Gef\u00fchlen entsprechen, die eine solche Situation in mir provoziert: Ablehnung!<\/p>\n\n\n\n<p>Es dauerte nicht lang, bis die ersten fiesen Reaktionen kamen:<\/p>\n\n\n\n<blockquote class=\"wp-block-quote\"><p> man muss ja klassische Musik nicht m\u00f6gen. Aber Ihre Ausdrucksweise ist unterirdisch. <\/p><\/blockquote>\n\n\n\n<p>Ein Satz, der mich auf vielfacher Art wirklich massivst aufregt. Zum einen die Pauschalisierung, dass ich keine klassische Musik m\u00f6ge &#8211; was nicht v\u00f6llig korrekt ist. Es gibt durchaus klassische Komponisten, deren Werke ich mir gerne und mit dem Gef\u00fchl einer positiven G\u00e4nsehaut anh\u00f6re. <\/p>\n\n\n\n<p>Zum anderen frage ich mich, was ist an meiner Ausdrucksweise unterirdisch? Ist es nicht viel unterirdischer, pauschal die verbale Mistgabel herauszuholen, wie diese Dame es tat? Jedem steht seine Meinung frei, davon machte ich ebenso gebrauch &#8211; aber w\u00e4re als Reaktion nicht ein Nachfragen m\u00f6glich gewesen, wieso ich genau diese Worte w\u00e4hlte und es als ABSOLUTE REIZ\u00dcBERFLUTUNG titulierte, statt meine Ausdrucksweise als unterirdisch zu bezeichnen?<\/p>\n\n\n\n<p>Ein weiterer Kommentar lie\u00df nicht lang auf sich warten:<\/p>\n\n\n\n<blockquote class=\"wp-block-quote\"><p> Kulturbanause !!! <\/p><\/blockquote>\n\n\n\n<p>Ebenfalls von einer alten Frau (ich verzichte auf die h\u00f6fliche Umschreibung &#8220;\u00c4ltere Dame&#8221;, weil dies ein viel zu interpretationsf\u00e4higer Begriff ist). Die drei Ausrufezeichen in Verbindung mit dem Leerzeichen hinter dem Wort, verleihen diesem Kommentar eine unfreiwillige Komik. Man kann f\u00f6rmlich riechen, wie sehr da jemand in Rage geriet und unbeholfen auf der Tastatur herumtippte. Ok, jetzt pauschalisiere ich selber. Streichen wir die letzten S\u00e4tze.<\/p>\n\n\n\n<p>Nach diesen Kommentaren kommentierte ich meinen Beitrag erneut mit folgenden Worten:<\/p>\n\n\n\n<blockquote class=\"wp-block-quote\"><p> Ist ja lustig, wie ich aufgrund meiner Aussage nun angegangen werde. Ich bin weder Kulturbanause, noch habe ich etwas gegen klassische Musik &#8211; ganz im Gegenteil. Als Autist sind Restaurantbesuche f\u00fcr mich schon stressig, da w\u00e4re eine solche Situation,&nbsp;in der eine laute Stimme pl\u00f6tzlich zu singen beginnt &#8211; dann auch noch v\u00f6llig unerwartet und spontan &#8211; ein mentaler Kopfschuss.. <\/p><\/blockquote>\n\n\n\n<p>Selbige Worte erg\u00e4nzte ich ebenfalls im eingangs erw\u00e4hnten Kommentar.<\/p>\n\n\n\n<p>Nun ein weiterer Kommentar, der von mangelndem Textverst\u00e4ndnis zeugt:<\/p>\n\n\n\n<blockquote class=\"wp-block-quote\"><p> Anscheinend NUR f\u00fcr Sie nervig, allen<br>anderen gef\u00e4llt es! <\/p><\/blockquote>\n\n\n\n<p>Warum sind Menschen so? Warum? Ich m\u00f6chte es gerne verstehen!<\/p>\n\n\n\n<p>Mittlerweile haben mich die Kommentare dieser dummdreisten Personen so sehr getriggert, dass ich den Beitrag l\u00f6schte.. Es ging einfach nicht mehr, ich h\u00e4tte es nicht l\u00e4nger ertragen, ohne nicht komplett aus der Haut zu fahren.<\/p>\n","protected":false},"excerpt":{"rendered":"<p>Aus den Medien kennt man mittlerweile viele solcher Videos, in denen Menschen ruhig im Restaurant sitzen, ihr Essen genie\u00dfen und pl\u00f6tzlich lauthals schallernder Operngesang ert\u00f6nt. Direkt am Nebentisch. Einen solchen Beitrag fand ich nun auf der Facebookseite einer WDR-Nachrichtensendung und kommentierte ihn mit den Worten: Richtig nervig.. Der Typ ist momentan mit diesen Aktionen in [&hellip;]<\/p>\n","protected":false},"author":1,"featured_media":0,"comment_status":"open","ping_status":"open","sticky":false,"template":"","format":"standard","meta":{"jetpack_post_was_ever_published":false,"_jetpack_newsletter_access":"","_jetpack_newsletter_tier_id":0,"footnotes":"","jetpack_publicize_message":"","jetpack_is_tweetstorm":false,"jetpack_publicize_feature_enabled":true,"jetpack_social_post_already_shared":true,"jetpack_social_options":{"image_generator_settings":{"template":"highway","enabled":false}}},"categories":[19,2],"tags":[],"jetpack_publicize_connections":[],"jetpack_featured_media_url":"","jetpack_sharing_enabled":true,"jetpack_shortlink":"https:\/\/wp.me\/p9gfVL-8Y","_links":{"self":[{"href":"https:\/\/aspienaut.de\/index.php?rest_route=\/wp\/v2\/posts\/556"}],"collection":[{"href":"https:\/\/aspienaut.de\/index.php?rest_route=\/wp\/v2\/posts"}],"about":[{"href":"https:\/\/aspienaut.de\/index.php?rest_route=\/wp\/v2\/types\/post"}],"author":[{"embeddable":true,"href":"https:\/\/aspienaut.de\/index.php?rest_route=\/wp\/v2\/users\/1"}],"replies":[{"embeddable":true,"href":"https:\/\/aspienaut.de\/index.php?rest_route=%2Fwp%2Fv2%2Fcomments&post=556"}],"version-history":[{"count":3,"href":"https:\/\/aspienaut.de\/index.php?rest_route=\/wp\/v2\/posts\/556\/revisions"}],"predecessor-version":[{"id":563,"href":"https:\/\/aspienaut.de\/index.php?rest_route=\/wp\/v2\/posts\/556\/revisions\/563"}],"wp:attachment":[{"href":"https:\/\/aspienaut.de\/index.php?rest_route=%2Fwp%2Fv2%2Fmedia&parent=556"}],"wp:term":[{"taxonomy":"category","embeddable":true,"href":"https:\/\/aspienaut.de\/index.php?rest_route=%2Fwp%2Fv2%2Fcategories&post=556"},{"taxonomy":"post_tag","embeddable":true,"href":"https:\/\/aspienaut.de\/index.php?rest_route=%2Fwp%2Fv2%2Ftags&post=556"}],"curies":[{"name":"wp","href":"https:\/\/api.w.org\/{rel}","templated":true}]}}