{"id":573,"date":"2023-09-16T20:21:43","date_gmt":"2023-09-16T18:21:43","guid":{"rendered":"http:\/\/aspienaut.de\/?p=573"},"modified":"2023-09-16T20:21:44","modified_gmt":"2023-09-16T18:21:44","slug":"ich-will-endlich-wieder-arbeiten","status":"publish","type":"post","link":"https:\/\/aspienaut.de\/?p=573","title":{"rendered":"Ich will endlich wieder arbeiten.."},"content":{"rendered":"\n<p>Die zerm\u00fcrbende Erkenntnis: Auf die aktuellen Initiativbewerbungen gab&#8217;s bislang auch keinerlei Reaktion. Jahrgangsbester in der Gesellenpr\u00fcfung 2017 (sogar mit Erw\u00e4hnung in der Rheinischen Post), im Anschluss das Abi im zweiten Bildungsweg als Jahrgangsbester abgelegt. Was dann folgte, war ein nutzloses Studium ohne Abschluss. V\u00f6llig kontr\u00e4r zu den davor erbrachten Leistungen und meinem Intellekt. Denn der Stoff war einfach, nahezu banal. Es lag definitiv nicht an mir und meinen geistigen F\u00e4higkeiten &#8211; wie manche Stimmen gern behaupteten. Dennoch ist das offensichtlich das Argument, das jegliche vorher erbrachten Qualifikation f\u00fcr potentielle Arbeitgeber so irrelevant erscheinen l\u00e4sst, dass man es nichtmal f\u00fcr n\u00f6tig erachtet, auf meine Bewerbungen zu reagieren. <\/p>\n\n\n\n<p>Im einzigen Bewerbungsgespr\u00e4ch, das ich seit April hatte, stilisierte man n\u00e4mlich dieses verkackte Studium zum Mittelpunkt des ganzen Gespr\u00e4ches. Die vorgelegten Nachweise und Zeugnisse \u00fcber mein Leben vor dem Studium fanden keinerlei Erw\u00e4hnung, mein Wissen und der Enthusiasmus \u00fcber Pflanzen und Botanik wurden auch ignoriert. Oder ist es der Schwerbehindertenausweis, der mich direkt durchs Raster fallen l\u00e4sst? Die Einstellung eines Menschen mit Schwerbehindertenausweis wird vom IFD mit bis zu 25000 Euro bezuschusst, um m\u00f6gliche Einschr\u00e4nkungen durch die Behinderung f\u00fcr den Betrieb zu kompensieren, bzw den Arbeitsplatz behindertengerecht auszustatten und das Thema Schwerbehindertenausweis sollte im Jahr 2023 wirklich kein Problem mehr darstellen! W\u00fcrden sich die Herren Chefs auch nur einmal dazu herablassen, mich zu einem Vorstellungsgespr\u00e4ch einzuladen, w\u00e4ren m\u00f6gliche Bedenken \u00fcber Vorurteile sowieso direkt vom Tisch. Ich bin Asperger-Autist nicht bewegungsunf\u00e4hig oder geistig eingeschr\u00e4nkt. <\/p>\n\n\n\n<p>Mittlerweile bin ich verzweifelt und frustriert, w\u00fctend und entt\u00e4uscht. Ich will nur wieder als Zierpflanzeng\u00e4rtner arbeiten, aber offensichtlich erscheine ich potentiellen Arbeitgebern als ungeeignet, zu wenig qualifiziert f\u00fcr diesen &#8211; pardon f\u00fcr diese direkte Formulierung &#8211; nicht sonderlich anspruchsvollen Beruf, zu dessen Ausbildung ein Hauptschulabschluss ausreicht. Ich rede hier vom Beruf des G\u00e4rtners! Ich bin G\u00e4rtner, kein Arzt oder Kernphysiker und will auch wieder als G\u00e4rtner arbeiten! Das nachdem ich so lange darauf hinarbeitete, mein Hobby zum Beruf zu machen, deshalb extra das Abi im zweiten Bildungsweg nachholte, um studieren zu d\u00fcrfen &#8211; wenn das mal nicht von purer Motivation spricht, wei\u00df ich auch nicht, was in den K\u00f6pfen der Betriebe vor sich geht.. <\/p>\n\n\n\n<p>Alle reden st\u00e4ndig vom Fachkr\u00e4ftemangel, aber sie weigern sich, eine Fachkraft einzustellen! Pflanzen begleiten mich seit Kindergartentagen. Eine Umschulung kommt nicht in Frage. Niemals! Das k\u00e4me einer Aufgabe meiner eigenen Identit\u00e4t gleich. <\/p>\n","protected":false},"excerpt":{"rendered":"<p>Die zerm\u00fcrbende Erkenntnis: Auf die aktuellen Initiativbewerbungen gab&#8217;s bislang auch keinerlei Reaktion. Jahrgangsbester in der Gesellenpr\u00fcfung 2017 (sogar mit Erw\u00e4hnung in der Rheinischen Post), im Anschluss das Abi im zweiten Bildungsweg als Jahrgangsbester abgelegt. Was dann folgte, war ein nutzloses Studium ohne Abschluss. V\u00f6llig kontr\u00e4r zu den davor erbrachten Leistungen und meinem Intellekt. Denn der [&hellip;]<\/p>\n","protected":false},"author":1,"featured_media":0,"comment_status":"open","ping_status":"open","sticky":false,"template":"","format":"standard","meta":{"jetpack_post_was_ever_published":false,"_jetpack_newsletter_access":"","_jetpack_newsletter_tier_id":0,"footnotes":"","jetpack_publicize_message":"","jetpack_is_tweetstorm":false,"jetpack_publicize_feature_enabled":true,"jetpack_social_post_already_shared":true,"jetpack_social_options":{"image_generator_settings":{"template":"highway","enabled":false}}},"categories":[19],"tags":[],"jetpack_publicize_connections":[],"jetpack_featured_media_url":"","jetpack_sharing_enabled":true,"jetpack_shortlink":"https:\/\/wp.me\/p9gfVL-9f","_links":{"self":[{"href":"https:\/\/aspienaut.de\/index.php?rest_route=\/wp\/v2\/posts\/573"}],"collection":[{"href":"https:\/\/aspienaut.de\/index.php?rest_route=\/wp\/v2\/posts"}],"about":[{"href":"https:\/\/aspienaut.de\/index.php?rest_route=\/wp\/v2\/types\/post"}],"author":[{"embeddable":true,"href":"https:\/\/aspienaut.de\/index.php?rest_route=\/wp\/v2\/users\/1"}],"replies":[{"embeddable":true,"href":"https:\/\/aspienaut.de\/index.php?rest_route=%2Fwp%2Fv2%2Fcomments&post=573"}],"version-history":[{"count":1,"href":"https:\/\/aspienaut.de\/index.php?rest_route=\/wp\/v2\/posts\/573\/revisions"}],"predecessor-version":[{"id":574,"href":"https:\/\/aspienaut.de\/index.php?rest_route=\/wp\/v2\/posts\/573\/revisions\/574"}],"wp:attachment":[{"href":"https:\/\/aspienaut.de\/index.php?rest_route=%2Fwp%2Fv2%2Fmedia&parent=573"}],"wp:term":[{"taxonomy":"category","embeddable":true,"href":"https:\/\/aspienaut.de\/index.php?rest_route=%2Fwp%2Fv2%2Fcategories&post=573"},{"taxonomy":"post_tag","embeddable":true,"href":"https:\/\/aspienaut.de\/index.php?rest_route=%2Fwp%2Fv2%2Ftags&post=573"}],"curies":[{"name":"wp","href":"https:\/\/api.w.org\/{rel}","templated":true}]}}