{"id":640,"date":"2024-02-01T15:50:27","date_gmt":"2024-02-01T14:50:27","guid":{"rendered":"https:\/\/aspienaut.de\/?p=640"},"modified":"2024-02-01T16:19:55","modified_gmt":"2024-02-01T15:19:55","slug":"aspienaut-de-ab-sofort-oeffentlich","status":"publish","type":"post","link":"https:\/\/aspienaut.de\/?p=640","title":{"rendered":"aspienaut.de ab sofort \u00f6ffentlich"},"content":{"rendered":"\n<p>Ich habe beschlossen, diese Seite ab sofort \u00f6ffentlich zu f\u00fchren. Sprich: Alle Inhalte werden durch Suchmaschinen indiziert und sind \u00fcber solche \u00f6ffentlich zug\u00e4nglich &#8211; das nachdem die Seite im Januar 2017 an den Start ging.<\/p>\n\n\n\n<p>Da ich hier meine intimsten Gedanken teile und Einblicke in mein Leben als Autist mit all meinen Problemen gebe, f\u00fchrte ich die Seite vorher als reines Tagebuch f\u00fcr mich und mir nahestehende Personen, denen diese Seite bekannt war. Vieles ist sicherlich f\u00fcr Nichtbetroffene und Fremde grenzwertig und schwer verst\u00e4ndlich. Manche m\u00f6gen wohl von einem Seelenstriptease sprechen, wenn sie diese Seite besuchen und unerwartet direkte Einblicke in meine Psyche erhalten. Doch habe ich mich bewusst dazu entschieden, diese Seite fortan frei zug\u00e4nglich f\u00fcr Jedermann zu f\u00fchren.<\/p>\n\n\n\n<p>Ich erfahre mittlerweile durch meine Schwerbehinderung unausstehliche Repressionen im Alltag und auf der Jobsuche, dass ich diese Problematik in Zukunft publik machen und auf Missst\u00e4nde aufmerksam machen m\u00f6chte. Ich bin es Leid, von Menschen, die keinerlei Ber\u00fchrungspunkte zum Thema Asperger-Autismus haben, pauschalisiert zu werden, ohne dass man mir die M\u00f6glichkeit gibt, mich zu beweisen.<\/p>\n\n\n\n<p>Ich bin Ben, ich will ein normales Leben f\u00fchren. Ich will arbeiten, ich will Teil der Leistungsgesellschaft sein, ich m\u00f6chte alles mir m\u00f6gliche daran setzen, sp\u00e4ter nicht vollends in Armut zu sterben. Leider wird es mit jeder Woche die vergeht, die ich \u00e4lter werde, schwerer, \u00fcberhaupt einen Fu\u00df ins Berufsleben zu setzen.<\/p>\n\n\n\n<p>Ich bin hochintelligent, habe Abschl\u00fcsse mit Bestnoten und nahezu lebenslange Erfahrung mit meinem Spezialinteresse und daher eine Motivation f\u00fcr mein Gebiet, die kaum ein anderer Mitbewerber jemals aufbringen k\u00f6nnte. Ich bringe alle Voraussetzungen mit, um theoretisch alles zu erreichen, was ich mir vornehme. Doch ich habe ein Problem: Ich habe einen Schwerbehindertenausweis mit einem GdB 60, den ich bei Bewerbungen nat\u00fcrlich nicht verschweige. <\/p>\n\n\n\n<p>Leider schreckt auch im Jahr 2024 ein Schwerbehindertenausweis potentielle Arbeitgeber zu sehr ab und Hilfe von au\u00dfen, durch Antidiskriminierungsstellen, ist bislang leider nicht zielf\u00fchrend. Ich f\u00fchre den Kampf von nun an als Einzelk\u00e4mpfer und versuche \u00fcber diese Seite Unterst\u00fctzung zu finden. Menschen, denen es ergeht wie mir, die massives Potential bieten, aber aufgrund der Ignoranz anderer keinerlei Chance bekommen, ihr Potential zu entfalten. <\/p>\n\n\n\n<p>Ich werde in Zukunft weiteres zu diesem Thema schreiben, weiter auf meine Person und meine Situation eingehen, Probleme beim Namen nennen und nicht mehr schweigen.<\/p>\n\n\n","protected":false},"excerpt":{"rendered":"<p>Ich habe beschlossen, diese Seite ab sofort \u00f6ffentlich zu f\u00fchren. Sprich: Alle Inhalte werden durch Suchmaschinen indiziert und sind \u00fcber solche \u00f6ffentlich zug\u00e4nglich &#8211; das nachdem die Seite im Januar 2017 an den Start ging. Da ich hier meine intimsten Gedanken teile und Einblicke in mein Leben als Autist mit all meinen Problemen gebe, f\u00fchrte [&hellip;]<\/p>\n","protected":false},"author":1,"featured_media":0,"comment_status":"open","ping_status":"open","sticky":false,"template":"","format":"standard","meta":{"jetpack_post_was_ever_published":false,"_jetpack_newsletter_access":"","_jetpack_newsletter_tier_id":0,"footnotes":"","jetpack_publicize_message":"","jetpack_is_tweetstorm":false,"jetpack_publicize_feature_enabled":true,"jetpack_social_post_already_shared":true,"jetpack_social_options":{"image_generator_settings":{"template":"highway","enabled":false}}},"categories":[19,15],"tags":[],"jetpack_publicize_connections":[],"jetpack_featured_media_url":"","jetpack_sharing_enabled":true,"jetpack_shortlink":"https:\/\/wp.me\/p9gfVL-ak","_links":{"self":[{"href":"https:\/\/aspienaut.de\/index.php?rest_route=\/wp\/v2\/posts\/640"}],"collection":[{"href":"https:\/\/aspienaut.de\/index.php?rest_route=\/wp\/v2\/posts"}],"about":[{"href":"https:\/\/aspienaut.de\/index.php?rest_route=\/wp\/v2\/types\/post"}],"author":[{"embeddable":true,"href":"https:\/\/aspienaut.de\/index.php?rest_route=\/wp\/v2\/users\/1"}],"replies":[{"embeddable":true,"href":"https:\/\/aspienaut.de\/index.php?rest_route=%2Fwp%2Fv2%2Fcomments&post=640"}],"version-history":[{"count":3,"href":"https:\/\/aspienaut.de\/index.php?rest_route=\/wp\/v2\/posts\/640\/revisions"}],"predecessor-version":[{"id":643,"href":"https:\/\/aspienaut.de\/index.php?rest_route=\/wp\/v2\/posts\/640\/revisions\/643"}],"wp:attachment":[{"href":"https:\/\/aspienaut.de\/index.php?rest_route=%2Fwp%2Fv2%2Fmedia&parent=640"}],"wp:term":[{"taxonomy":"category","embeddable":true,"href":"https:\/\/aspienaut.de\/index.php?rest_route=%2Fwp%2Fv2%2Fcategories&post=640"},{"taxonomy":"post_tag","embeddable":true,"href":"https:\/\/aspienaut.de\/index.php?rest_route=%2Fwp%2Fv2%2Ftags&post=640"}],"curies":[{"name":"wp","href":"https:\/\/api.w.org\/{rel}","templated":true}]}}