{"id":650,"date":"2024-02-06T12:14:52","date_gmt":"2024-02-06T11:14:52","guid":{"rendered":"https:\/\/aspienaut.de\/?p=650"},"modified":"2024-02-06T12:15:55","modified_gmt":"2024-02-06T11:15:55","slug":"statusupdate-zu-meinem-kampf-gegen-diskriminierung-2","status":"publish","type":"post","link":"https:\/\/aspienaut.de\/?p=650","title":{"rendered":"Statusupdate zu meinem Kampf gegen Diskriminierung"},"content":{"rendered":"\n<p>Statusupdate: Ich komme jetzt endlich dazu, die Mails und Nachrichten der letzten 10 Tage abzuarbeiten. Leider staute sich einiges an, da mir die ganze Thematik momentan \u00fcber den Kopf hinaus zu wachsen scheint. Heute habe ich immerhin Energie, mich den Mails zu widmen, nachdem mir meine Psychiaterin gestern Mut zusprach. Ich entschuldige mich allgemein und pr\u00e4ventiv bei allen, die noch auf Antwort von mir warten, sei es per Mail oder Socialmedia.. Ich brauche nur etwas Zeit!<\/p>\n\n\n\n<p>Eigentlich w\u00e4re hier ein Hashtag zwecks Sortierung mal ganz praktisch &#8211; Ideen, anyone? Allerdings finden sich alle Details zum Thema und die hier ver\u00f6ffentlichten Beitr\u00e4ge mittlerweile auch \u00f6ffentlich einsehbar auf meinem Blog <a href=\"www.aspienaut.de\">www.aspienaut.de<\/a> und auf meiner FB-Pinwand. Daher gehe ich nun nicht auf den kompletten Sachverhalt ein, sondern nenne lediglich die Updates. Im Blog kann man sich dahingehend einlesen.<\/p>\n\n\n\n<p>Zur\u00fcck zur Angelegenheit..<\/p>\n\n\n\n<p>Bislang wartete ich noch auf Antwort von:<\/p>\n\n\n\n<p>\u2022 Landwirtschaftskammer,<br>\u2022 Autismus &#8211; einfach anders e.V.<br>\u2022 Interessenvertretung Selbstbestimmt Leben in Deutschland e. V.<\/p>\n\n\n\n<p>Die hei\u00df ersehnte Antwort der <strong>Landwirtschaftskammer NRW<\/strong> liegt mir nun auch vor. Leider, ohne auf die Thematik der offensichtlichen #Diskriminierung eingegangen zu sein, die ich detailliert schilderte.<\/p>\n\n\n\n<p>Die Antwort war sehr knapp und nicht zielf\u00fchrend, bzw. f\u00fchrte am Thema vorbei:<\/p>\n\n\n\n<blockquote class=\"wp-block-quote\">\n<p>[..] vielen Dank f\u00fcr Ihre Anfrage. Als Einheitliche Ansprechstelle f\u00fcr Arbeitgeber informieren wir Betriebe rund um die Einstellung und Besch\u00e4ftigung von Menschen mit Behinderung.<\/p>\n\n\n\n<p>Betroffene Menschen k\u00f6nnen sich an den Integrationsfachdienst wenden. Dieser begleitet und unterst\u00fctzt Menschen mit Behinderung im Berufsleben.[..]<\/p>\n<\/blockquote>\n\n\n\n<p>Der ifD ist nat\u00fcrlich wieder eine passende Idee. Dennoch hakte ich bzgl. der geschilderten Diskiminierung nach und bleibe am Ball:<\/p>\n\n\n\n<blockquote class=\"wp-block-quote\">\n<p>[..] vielen Dank f\u00fcr Ihre Antwort. Mit dem ifD stand ich bereits an meinem Studienort in Kontakt.<\/p>\n\n\n\n<p>Viel mehr interessiert mich akut aber, ob der vorliegende, von mir geschilderte Fall der offensichtlichen Diskriminierung keinerlei Relevanz f\u00fcr die LWK hat? Immerhin sind Anw\u00e4lte und Medien bzw diverse Inklusionsvereine bereits eingeschaltet und das Echo \u00fcber diesen Vorfall schl\u00e4gt gro\u00dfe Wellen.<br>Betreibt die LWK keine interne Stelle zur Aufarbeitung von Diskriminierung seitens ihrer Mitglieder-Betriebe gegen\u00fcber Bewerbern?[..]<\/p>\n<\/blockquote>\n\n\n\n<p>Bei der lieben Antwort von &#8220;<strong>Autismus &#8211; einfach anders e.V.<\/strong>&#8221; tut es mir gerade richtig leid, dass ich nicht eher in mein Postfach schaute. Zumindest kann man sich dort mit Gleichgesinnten vernetzen, die unter selbigen Problem im Leben leiden. Werde dort sicher die Selbsthilfegruppe aufsuchen. Allerdings ist das eher mittel- bis langfristig orientiert und ganz ehrlich, w\u00fcrde eine SHG mir gerade zu viele Ressourcen rauben &#8211; leider.<\/p>\n\n\n\n<p>Etwas entt\u00e4uscht bin ich zudem von &#8220;<strong>Interessenvertretung Selbstbestimmt Leben in Deutschland e. V<\/strong>.&#8221;. Aber hatte wohl einfqach zu viel erwartet, als man mir die Stelle in der Autismusgruppe empfohlen hatte. Hier verwies man lediglich auf die Antidiskriminierungsstelle des Bundes, die ich bereits informierte. Zudem wies man auf die Beratungsstellen hin, die ich aufsuchen solle.<\/p>\n\n\n\n<p>Leider, so habe ich schon sehr fr\u00fch festgestellt, befassen sich die wenigen Beratungsstellen, die die Antidiskriminierungsstelle in meiner Gegend listet, nahezu ausschlie\u00dflich mit Thematiken zur Diskriminierung aufgrund sexueller Orientierung oder religi\u00f6ser Hintergr\u00fcnde. Dort f\u00fchle ich mich nicht aufgehoben und ehrlich gesagt auch nicht wohl mit meiner Angelegenheit.<\/p>\n\n\n\n<p>Jedoch fand ich nun eine Beratungsstelle, die den Namen &#8220;<strong>Bundesverband Psychiatrieerfahrener e.V.<\/strong>&#8221; tr\u00e4gt. Die werde ich zumindest auf die Liste setzen &#8211; immerhin ist sie die einzige Beratungsstelle, die das Thema psychische und seelische Erkrankungen behandelt. Ob sie jedoch in meinem Fall geeignet ist, wird sich zeigen.<\/p>\n\n\n\n<p>Zu den Antworten der anderen, genannten Institutionen \u00e4u\u00dferte ich mich bereits im letzten Beitrag, am 26. Januar.<\/p>\n\n\n\n<p>Ich halte all das bewusst \u00f6ffentlich, in der Hoffnung, weiter Zuspruch und vielleicht auch andere Betroffene f\u00fcr meinen Kampf gegen Diskriminierung zu gewinnen. Der Weg ist steinig, der Kampf schwer. \u00dcber Mitstreiter w\u00e4re ich sehr erfreut. Gemeinsam erreicht man mehr.<\/p>\n\n\n\n<p>#Diskriminierung #autismus #Schwerbehinderung #jobsuche #unfreiwilligarbeitslos<\/p>\n\n\n\n<p><\/p>\n\n\n\n<p>(Beitrag kopiert von meiner Facebookpinwand)<\/p>\n","protected":false},"excerpt":{"rendered":"<p>Statusupdate: Ich komme jetzt endlich dazu, die Mails und Nachrichten der letzten 10 Tage abzuarbeiten. Leider staute sich einiges an, da mir die ganze Thematik momentan \u00fcber den Kopf hinaus zu wachsen scheint. Heute habe ich immerhin Energie, mich den Mails zu widmen, nachdem mir meine Psychiaterin gestern Mut zusprach. Ich entschuldige mich allgemein und [&hellip;]<\/p>\n","protected":false},"author":1,"featured_media":0,"comment_status":"open","ping_status":"open","sticky":false,"template":"","format":"standard","meta":{"jetpack_post_was_ever_published":false,"_jetpack_newsletter_access":"","_jetpack_newsletter_tier_id":0,"footnotes":"","jetpack_publicize_message":"","jetpack_is_tweetstorm":false,"jetpack_publicize_feature_enabled":true,"jetpack_social_post_already_shared":true,"jetpack_social_options":{"image_generator_settings":{"template":"highway","enabled":false}}},"categories":[36,19],"tags":[35,34],"jetpack_publicize_connections":[],"jetpack_featured_media_url":"","jetpack_sharing_enabled":true,"jetpack_shortlink":"https:\/\/wp.me\/p9gfVL-au","_links":{"self":[{"href":"https:\/\/aspienaut.de\/index.php?rest_route=\/wp\/v2\/posts\/650"}],"collection":[{"href":"https:\/\/aspienaut.de\/index.php?rest_route=\/wp\/v2\/posts"}],"about":[{"href":"https:\/\/aspienaut.de\/index.php?rest_route=\/wp\/v2\/types\/post"}],"author":[{"embeddable":true,"href":"https:\/\/aspienaut.de\/index.php?rest_route=\/wp\/v2\/users\/1"}],"replies":[{"embeddable":true,"href":"https:\/\/aspienaut.de\/index.php?rest_route=%2Fwp%2Fv2%2Fcomments&post=650"}],"version-history":[{"count":2,"href":"https:\/\/aspienaut.de\/index.php?rest_route=\/wp\/v2\/posts\/650\/revisions"}],"predecessor-version":[{"id":652,"href":"https:\/\/aspienaut.de\/index.php?rest_route=\/wp\/v2\/posts\/650\/revisions\/652"}],"wp:attachment":[{"href":"https:\/\/aspienaut.de\/index.php?rest_route=%2Fwp%2Fv2%2Fmedia&parent=650"}],"wp:term":[{"taxonomy":"category","embeddable":true,"href":"https:\/\/aspienaut.de\/index.php?rest_route=%2Fwp%2Fv2%2Fcategories&post=650"},{"taxonomy":"post_tag","embeddable":true,"href":"https:\/\/aspienaut.de\/index.php?rest_route=%2Fwp%2Fv2%2Ftags&post=650"}],"curies":[{"name":"wp","href":"https:\/\/api.w.org\/{rel}","templated":true}]}}