{"id":653,"date":"2024-02-06T13:11:17","date_gmt":"2024-02-06T12:11:17","guid":{"rendered":"https:\/\/aspienaut.de\/?p=653"},"modified":"2024-02-20T03:06:27","modified_gmt":"2024-02-20T02:06:27","slug":"gedanken-zur-arbeitslosigkeit-und-der-jobsuche","status":"publish","type":"post","link":"https:\/\/aspienaut.de\/?p=653","title":{"rendered":"Gedanken zur Arbeitslosigkeit und der Jobsuche"},"content":{"rendered":"\n<blockquote class=\"wp-block-quote\">\n<p><a href=\"https:\/\/www.haufe.de\/personal\/arbeitsrecht\/bewerbung-von-schwerbehinderten-arbeitgeberpflichten_76_487172.html\">https:\/\/www.haufe.de\/personal\/arbeitsrecht\/bewerbung-von-schwerbehinderten-arbeitgeberpflichten_76_487172.html<\/a><\/p>\n<\/blockquote>\n\n\n\n<p>Interessant.. Man schreibt seit einem Jahr Bewerbungen, wird st\u00e4ndig ignoriert oder abgelehnt (letzteres nun 2x &#8211; immerhin waren es die einzigen Reaktionen auf meine Bewerbungen innerhalb eines Jahres! Immerhin Reaktionen &#8211; da kann ich mich ja richtig gl\u00fccklich sch\u00e4tzen!) und wird von den Betrieben auch noch als Depp dargestellt.<\/p>\n\n\n\n<p>Ja, es gibt Urteile, Gesetze und Paragraphen, die einen schwerbehinderten Bewerber in Schutz nehmen. In der Praxis lachen sich die Betriebe offenbar dar\u00fcber ins F\u00e4ustchen und vermeiden es tunlichst, einem schwerbehinderten Bewerber (in meinem Falle mit Bestnoten und mindestens einer Handvoll anderer Faktoren, die f\u00fcr mich sprechen!) die Chance auf ein normales, geregeltes Leben und somit die Angst aus akuten Existenz\u00e4ngsten zu geben<\/p>\n\n\n\n<p>Das kann nur enden, wenn jeder Betroffene k\u00e4mpft und sich nicht mehr tatenlos zum Spielball ignoranter Betriebe macht. Ja, ich formuliere es absichtlich so. Eine Anstellung ist f\u00fcr die Allermeisten der einzige Weg aus der Misere. Geld f\u00e4llt nicht vom Himmel (zumindest nicht bei ehrlichen Menschen, denen die Werte unserer Leistungsgesellschaft in die Wiege gelegt wurden, die autark f\u00fcr ihren eigenen Unterhalt sorgen wollen) und Selbstst\u00e4ndigkeit ist f\u00fcr viele keine Option.<br>Zudem ist in manchen F\u00e4llen eine Anstellung nur in einer expliziten Fachrichtung m\u00f6glich. Ich beispielsweise kann als Autist nicht einfach die Fachrichtung wechseln oder gar umschulen, wie man es mir so oft schon vorschlug. K\u00f6nnte ich das, w\u00e4re ich so flexibel, dann w\u00e4re mein Leben nicht so verlaufen, wie es nun mal verlief und ich w\u00fcrde mit mittlerweile 38 Jahren ganz woanders im Leben stehen und nicht nach einer gescheiterten Existenz nun wieder im Dachzimmer meines Elternhauses versuchen, mein Leben in den Griff zu bekommen und verzweifelt einen Job zu finden.<\/p>\n\n\n\n<p>Somit ist man auf den guten Willen eines potentiellen Arbeitgebers angewiesen, der einem trotz Schwerbehindertenausweis eine Chance gibt. Ohne Arbeit ist man nichts. Man hat nichts, man erreicht nichts. Man kostet nur Geld und kann nichts zur Gesellschaft beitragen. Man kann nur zusehen, wie die eigene Existenz unfreiwillig abw\u00e4rts st\u00fcrzt und kann sich aufgrund der mittlerweile eh unumg\u00e4nglichen Altersarmut sp\u00e4ter nur noch einen schnellen Tod w\u00fcnschen, um nicht auf der Stra\u00dfe zu landen und von der Hand im Mund zu leben.<\/p>\n\n\n\n<p>Jeder Tag der Arbeitslosigkeit ist verschwendetes Potential. Bestnoten in Rekordzeit, lebenslanger Enthusiasmus f\u00fcr DIESES EINE Thema, das irgendwann der Beruf geworden ist, Wissen und Motivation, wie sie andere Bewerber kaum aufweisen k\u00f6nnen, aber dennoch arbeitslos, ohne zeitnahe Aussicht auf eine Anstellung, weil Betriebe ZWEIFEL an mir, meinen F\u00e4higkeiten, meiner Leistung, meinem Wesen haben, ohne mir auch nur den Hauch einer Chance zu geben, mich in der PROBEZEIT unter Beweis stellen zu k\u00f6nnen.<\/p>\n\n\n\n<p>Wie abgefuckt und krank ist dieses Denken?<\/p>\n\n\n\n<p>Was mich am aktuellen Fall so rasend macht, ist die Personalerin bzw. ihr Handeln und ihre Aussagen.<\/p>\n\n\n\n<p>Nur ein Beispiel von vielen. Es war bekannt, dass ich Autist bin und &#8220;mein regionales Umfeld&#8221; ben\u00f6tige. Was Schlug sie mir vor? BEWERBEN SIE SICH DOCH MAL AUF DER BLUMENINSEL MAINAU.<\/p>\n\n\n\n<p>Es herrscht Fachkr\u00e4ftemangel, die Stelle ist immer noch frei und ihr erlaubt es Euch, einen absolut geeigneten Bewerber aufgrund Zweifel an meiner Eignung wegen meines Autismus abzulehnen.<\/p>\n","protected":false},"excerpt":{"rendered":"<p>https:\/\/www.haufe.de\/personal\/arbeitsrecht\/bewerbung-von-schwerbehinderten-arbeitgeberpflichten_76_487172.html Interessant.. Man schreibt seit einem Jahr Bewerbungen, wird st\u00e4ndig ignoriert oder abgelehnt (letzteres nun 2x &#8211; immerhin waren es die einzigen Reaktionen auf meine Bewerbungen innerhalb eines Jahres! Immerhin Reaktionen &#8211; da kann ich mich ja richtig gl\u00fccklich sch\u00e4tzen!) und wird von den Betrieben auch noch als Depp dargestellt. Ja, es gibt Urteile, Gesetze [&hellip;]<\/p>\n","protected":false},"author":1,"featured_media":0,"comment_status":"open","ping_status":"open","sticky":false,"template":"","format":"standard","meta":{"jetpack_post_was_ever_published":false,"_jetpack_newsletter_access":"","_jetpack_newsletter_tier_id":0,"footnotes":"","jetpack_publicize_message":"","jetpack_is_tweetstorm":false,"jetpack_publicize_feature_enabled":true,"jetpack_social_post_already_shared":true,"jetpack_social_options":{"image_generator_settings":{"template":"highway","enabled":false}}},"categories":[19,15],"tags":[],"jetpack_publicize_connections":[],"jetpack_featured_media_url":"","jetpack_sharing_enabled":true,"jetpack_shortlink":"https:\/\/wp.me\/p9gfVL-ax","_links":{"self":[{"href":"https:\/\/aspienaut.de\/index.php?rest_route=\/wp\/v2\/posts\/653"}],"collection":[{"href":"https:\/\/aspienaut.de\/index.php?rest_route=\/wp\/v2\/posts"}],"about":[{"href":"https:\/\/aspienaut.de\/index.php?rest_route=\/wp\/v2\/types\/post"}],"author":[{"embeddable":true,"href":"https:\/\/aspienaut.de\/index.php?rest_route=\/wp\/v2\/users\/1"}],"replies":[{"embeddable":true,"href":"https:\/\/aspienaut.de\/index.php?rest_route=%2Fwp%2Fv2%2Fcomments&post=653"}],"version-history":[{"count":2,"href":"https:\/\/aspienaut.de\/index.php?rest_route=\/wp\/v2\/posts\/653\/revisions"}],"predecessor-version":[{"id":688,"href":"https:\/\/aspienaut.de\/index.php?rest_route=\/wp\/v2\/posts\/653\/revisions\/688"}],"wp:attachment":[{"href":"https:\/\/aspienaut.de\/index.php?rest_route=%2Fwp%2Fv2%2Fmedia&parent=653"}],"wp:term":[{"taxonomy":"category","embeddable":true,"href":"https:\/\/aspienaut.de\/index.php?rest_route=%2Fwp%2Fv2%2Fcategories&post=653"},{"taxonomy":"post_tag","embeddable":true,"href":"https:\/\/aspienaut.de\/index.php?rest_route=%2Fwp%2Fv2%2Ftags&post=653"}],"curies":[{"name":"wp","href":"https:\/\/api.w.org\/{rel}","templated":true}]}}