{"id":669,"date":"2024-02-19T18:44:51","date_gmt":"2024-02-19T17:44:51","guid":{"rendered":"https:\/\/aspienaut.de\/?p=669"},"modified":"2024-02-19T18:56:22","modified_gmt":"2024-02-19T17:56:22","slug":"warum-es-falsch-ist-die-probleme-eines-autisten-zu-banalisieren","status":"publish","type":"post","link":"https:\/\/aspienaut.de\/?p=669","title":{"rendered":"Warum es falsch ist, die Probleme eines Autisten zu banalisieren"},"content":{"rendered":"\n<p>Ich lege mich mit diesen Worten nun bewusst weit aus dem Fenster und behaupte pauschal, dass JEDER Autist bereits S\u00e4tze von Nichtautisten h\u00f6rte, die seine Probleme relativieren, gar banalisieren sollen: &#8220;<em>Stell dich nicht so an, andere schaffen das auch<\/em>.&#8221;, &#8220;<em>Ich habe auch Probleme und bekomme das hin<\/em>&#8220;, &#8220;<em>Du brauchst endlich mal einen Tritt in den Hintern um dein Leben in geordnete Bahnen zu lenken!<\/em>&#8220;, &#8220;<em>Du musst auch mal \u00fcber den Tellerrand blicken und offen f\u00fcr Neues sein, sonst wird sich in deinem Leben nie etwas \u00e4ndern!<\/em>&#8220;.<\/p>\n\n\n\n<p>Solche S\u00e4tze sollen vielleicht aufmunternd, erheiternd, motivierend wirken, zeugen aber letztendlich nur von eingeschr\u00e4nkter Sichtweise und mangelndem Verst\u00e4ndnis, gar einer Art von Ignoranz gegen\u00fcber der Problematiken eines Autisten. Es ist verletzend, herablassend und in Teilen durchaus \u00fcbergriffig und respektlos, sich von Nichtbetroffenen anh\u00f6ren zu m\u00fcssen, wie einfach Dinge sein k\u00f6nnen &#8211; oder mehr: wie einfach Dinge in ihrem Leben sind.<\/p>\n\n\n\n<p>Leider hat Autismus ein allgemeines Imageproblem, \u00e4hnlich dem von psychischen Erkrankungen, wie Depressionen. Zwar haftet Autismus mittlerweile &#8211; der Popul\u00e4rkultur sei &#8220;Dank&#8221; &#8211; etwas &#8220;Verwegenes&#8221; und scheinbar &#8220;Cooles&#8221; an, wenn man die offensichtlich autistischen Figuren in popul\u00e4ren Serien betrachtet, doch entspricht der Alltagsautist leider nicht immer irgendwelchen Seriencharakteren, sondern leidet h\u00e4ufig unter seinem Anderssein, als dass er tats\u00e4chlich daraus Kraft und Vorteile sch\u00f6pfen kann. <\/p>\n\n\n\n<p>Wie bei allen nichtsichtbaren Krankheiten und Behinderungen gilt f\u00fcr Au\u00dfenstehende so h\u00e4ufig: Was man nicht sieht, ist nicht existent. Der Wille, sich damit auseinanderzusetzen ist verst\u00e4ndlicherweise auch gering, wenn man keinerlei Ber\u00fchrungspunkte zur Thematik hat. Daher besteht kaum eine Chance, etwas am eingerosteten Denken zu \u00e4ndern, wenn das Bild und die daraus resultierende Meinung in den K\u00f6pfen bereits manifestiert ist.<\/p>\n\n\n\n<p>Verlassen wir den Kontext Autismus und fokussieren unseren Blick viel mehr auf den Aspekt der Behinderung.<\/p>\n\n\n\n<p>Ein kleines Gedankenspiel gef\u00e4llig? Prima! Dann verinnerliche Dir den Folgenden Satz und versuche, zu verstehen, was ein solcher Satz beim Betroffenen bewirken mag, wie er ankommt, wie er den Sprecher beim Betroffenen darstellt:<\/p>\n\n\n\n<blockquote class=\"wp-block-quote\">\n<p>Querschnittsl\u00e4hmung ist keine Ausrede, dich davor zu dr\u00fccken die Treppe hochzukrabbeln und auch keine Ausrede immer faul im Rollstuhl herumzulungern.<\/p>\n<\/blockquote>\n\n\n\n<p><\/p>\n\n\n\n<p>Jetzt mal Hand aufs Herz: W\u00fcrdest Du einen solchen Satz zu einem Querschnittsgel\u00e4hmten sagen, der hilfesuchend in seinem Rollstuhl vor einer Treppe steht und an der Situation verzweifelt, weil es keinen barrierefreien Weg gibt?<\/p>\n\n\n\n<p>Nein? <\/p>\n\n\n\n<p>Warum? Weil es unversch\u00e4mt, erniedrigend und unh\u00f6flich ist, einem Querschnittsgel\u00e4hmten aufgrund seiner Behinderung zu benachteiligen und ihm F\u00e4higkeiten zu unterstellen, zu denen er aufgrund seiner Einschr\u00e4nkungen gar nicht f\u00e4hig ist &#8211; du als Nichtbehinderter, jedoch schon &#8211; richtig? <\/p>\n\n\n\n<p>Wenn Du dieser Antwort zustimmst, dann gehe kurz in Dich und stelle Dir folgende Frage: Warum ist es Okay, einem Autisten zu sagen, dass er sich nicht so anstellen soll und \u00fcber seinen Schatten springen muss, wenn er in seinem Leben an scheinbar leichten Dingen verzweifelt, die Du als Nichtautist jedoch einfach meistern kannst? <\/p>\n\n\n\n<p>Warum ist die Hemmschwelle h\u00e4ufig so viel niedriger, solche S\u00e4tze einem Autisten aufzutischen? Weil man die Behinderung nicht sieht? Weil laut popul\u00e4rer Logik ein Mensch nicht behindert sein kann, wenn er einen funktionierenden K\u00f6rper mit intakten Gliedma\u00dfen besitzt und von au\u00dfen nicht behindert aussieht und zudem auch noch intelligent (h\u00e4ufig sogar intelligenter, als der Durchschnitt) ist? Leider entspricht genau dieses Denken der Sichtweise, die in den K\u00f6pfen vieler selbst heute noch vertreten ist und eigentlich schon seit zig Jahren obsolet sein sollte.<\/p>\n\n\n\n<p>Ein kleiner Gedankenansto\u00df: Schwerbehindertenausweise gewinnt man nicht im Lotto, findet sie auch nicht im Supermarkt. Die H\u00fcrden, einen solchen Ausweis zu erlangen, sind extrem hoch. Dem voraus geht meist jahrelange Therapie und gr\u00fcndliche Diagnostik, dazu das Bewilligungsverfahren, das ein Paradebeispiel Deutscher B\u00fcrokratie ist und einem nichts, aber auch gar nichts schenkt.  <\/p>\n\n\n\n<p>Dass ein Autist einen Schwerbehindertenausweis ausgestellt bekommt, hei\u00dft, dass dieser Mensch un\u00fcberwindbare H\u00fcrden im Alltag erlebt, die ihn auf einer massiven Art und Weise einschr\u00e4nken, sein Leben so zu leben, wie es nichtbehinderte Menschen machen k\u00f6nnen. Ob sichtbare oder unsichtbare Behinderung: Behinderung ist Behinderung. Da gibt es keinerlei Unterschiede. Betroffene sind auf ihrer Art und Weise eingeschr\u00e4nkt und werden im leben behindert. Ja, man ist nicht behindert, man wird behindert &#8211; und zwar durch altbackene Ansichten, verquere Ignoranz und H\u00fcrden, die einfach nicht sein m\u00fcssten.<\/p>\n\n\n\n<p>Deshalb sei froh, dass Du dein Leben ohne Schwerbehindertenausweis meistern kannst, dass Du nicht an den profansten, allt\u00e4glichen Situationen scheiterst und dass man Dir keine Steine in den Weg legt, die dich daran hindern, auch nur ansatzweise ein normales Leben zu f\u00fchren, wie du es kennst.<\/p>\n\n\n\n<p><em>M\u00f6glicherweise hat man dir diesen Link geschickt, weil Du \u00fcberdenken solltest, wie Du mit deinen autistischen Mitmenschen umgehst. Wahrscheinlich war es nicht einmal b\u00f6se Absicht von Dir, sondern tats\u00e4chlich nur ein gut gemeinter Rat. Doch war dieser Rat absolut unangebracht und kontraproduktiv. Wenn du einem Autisten helfen m\u00f6chtest, vermeide oben genanntes Verhalten und halte Dir vor Augen: Du wirst als Nichtbetroffener die Probleme eines Autisten niemals verstehen, wenn du es nicht willst. Liegt Dir was an der betroffenen Person, befasse dich bitte mit der Thematik andernfalls kann es vorkommen, dass man sich von Dir distanziert. <\/em><\/p>\n","protected":false},"excerpt":{"rendered":"<p>Ich lege mich mit diesen Worten nun bewusst weit aus dem Fenster und behaupte pauschal, dass JEDER Autist bereits S\u00e4tze von Nichtautisten h\u00f6rte, die seine Probleme relativieren, gar banalisieren sollen: &#8220;Stell dich nicht so an, andere schaffen das auch.&#8221;, &#8220;Ich habe auch Probleme und bekomme das hin&#8220;, &#8220;Du brauchst endlich mal einen Tritt in den [&hellip;]<\/p>\n","protected":false},"author":1,"featured_media":0,"comment_status":"open","ping_status":"open","sticky":false,"template":"","format":"standard","meta":{"jetpack_post_was_ever_published":false,"_jetpack_newsletter_access":"","_jetpack_newsletter_tier_id":0,"footnotes":"","jetpack_publicize_message":"","jetpack_is_tweetstorm":false,"jetpack_publicize_feature_enabled":true,"jetpack_social_post_already_shared":true,"jetpack_social_options":{"image_generator_settings":{"template":"highway","enabled":false}}},"categories":[1],"tags":[],"jetpack_publicize_connections":[],"jetpack_featured_media_url":"","jetpack_sharing_enabled":true,"jetpack_shortlink":"https:\/\/wp.me\/p9gfVL-aN","_links":{"self":[{"href":"https:\/\/aspienaut.de\/index.php?rest_route=\/wp\/v2\/posts\/669"}],"collection":[{"href":"https:\/\/aspienaut.de\/index.php?rest_route=\/wp\/v2\/posts"}],"about":[{"href":"https:\/\/aspienaut.de\/index.php?rest_route=\/wp\/v2\/types\/post"}],"author":[{"embeddable":true,"href":"https:\/\/aspienaut.de\/index.php?rest_route=\/wp\/v2\/users\/1"}],"replies":[{"embeddable":true,"href":"https:\/\/aspienaut.de\/index.php?rest_route=%2Fwp%2Fv2%2Fcomments&post=669"}],"version-history":[{"count":10,"href":"https:\/\/aspienaut.de\/index.php?rest_route=\/wp\/v2\/posts\/669\/revisions"}],"predecessor-version":[{"id":687,"href":"https:\/\/aspienaut.de\/index.php?rest_route=\/wp\/v2\/posts\/669\/revisions\/687"}],"wp:attachment":[{"href":"https:\/\/aspienaut.de\/index.php?rest_route=%2Fwp%2Fv2%2Fmedia&parent=669"}],"wp:term":[{"taxonomy":"category","embeddable":true,"href":"https:\/\/aspienaut.de\/index.php?rest_route=%2Fwp%2Fv2%2Fcategories&post=669"},{"taxonomy":"post_tag","embeddable":true,"href":"https:\/\/aspienaut.de\/index.php?rest_route=%2Fwp%2Fv2%2Ftags&post=669"}],"curies":[{"name":"wp","href":"https:\/\/api.w.org\/{rel}","templated":true}]}}